{"id":45126,"date":"2026-09-04T08:00:25","date_gmt":"2026-09-04T13:00:25","guid":{"rendered":"https:\/\/elmurodemexicali.com\/?p=45126"},"modified":"2026-09-04T16:48:40","modified_gmt":"2026-09-04T16:48:40","slug":"claudia-sheinbaum-protesta-por-entrega-de-migrantes-hasta-centroamerica","status":"publish","type":"post","link":"https:\/\/elmurodemexicali.com\/?p=45126","title":{"rendered":"Claudia Sheinbaum protesta por entrega de migrantes hasta Centroam\u00e9rica"},"content":{"rendered":"<p>\ud83d\udd38 Washington llev\u00f3 a m\u00e1s de 2 mil 900 migrantes a Guatemala, Honduras y Costa Rica.<\/p>\n<p>#NACIONAL | El gobierno de Estados Unidos envi\u00f3 a m\u00e1s de 2 mil 900 connacionales con estancia irregular en ese\u00a0pa\u00eds a naciones\u00a0centroamericanas\u00a0en lugar de traerlos a M\u00e9xico, inform\u00f3 el director general del Instituto Nacional de Migraci\u00f3n, Sergio Salom\u00f3n C\u00e9spedes.<\/p>\n<p>En la conferencia de prensa matutina en Palacio Nacional, la\u00a0presidenta Claudia Sheinbaum reiter\u00f3 su rechazo a esta medida, al se\u00f1alar que no hay razones para que los mexicanos que son deportados de Estados Unidos\u00a0sean enviados a otros pa\u00edses.<\/p>\n<p>\u201cNo estamos de acuerdo, no hay raz\u00f3n para que env\u00eden a connacionales a alg\u00fan pa\u00eds de Centroam\u00e9rica. Ninguna raz\u00f3n.<\/p>\n<p>\u201cY lo que hacemos, adem\u00e1s de manifestar nuestra inconformidad, es que de inmediato que llegan \u2014tenemos un acuerdo con estos pa\u00edses y nuestros consulados est\u00e1n pendientes\u2014 los recibe el consulado y tenemos contratados veh\u00edculos para que puedan venir enseguida a M\u00e9xico\u201d, apunt\u00f3.<\/p>\n<p>El funcionario detall\u00f3 que el gobierno de M\u00e9xico ha manifestado a Washington su inconformidad con esta medida, por lo que confi\u00f3 en que pronto sea eliminada.<\/p>\n<p>\u201cSe ha hecho patente la inconformidad por parte de la administraci\u00f3n federal a trav\u00e9s de la canciller\u00eda y de la Secretar\u00eda de Gobernaci\u00f3n, y se ha trabajado de manera muy puntual para buscar que esa colaboraci\u00f3n evite que se sigan mandando connacionales a Centroam\u00e9rica. Est\u00e1n las conversaciones y esperemos que pronto se elimine esa pr\u00e1ctica por parte de Estados Unidos\u201d, expres\u00f3.<\/p>\n<p>Sin embargo, lament\u00f3 que, hasta ahora, Washington siga enviando a paisanos a otros pa\u00edses.<\/p>\n<p>\u201cS\u00ed, s\u00ed, sigue lamentablemente. Tenemos datos en donde han sido 2 mil 900 mexicanos enviados a otros pa\u00edses, como Guatemala, Honduras, y 20 connacionales a Costa Rica\u201d, resalt\u00f3.<\/p>\n<p>Desde el sal\u00f3n Tesorer\u00eda, apunt\u00f3 que, una vez que los paisanos llegan a Centroam\u00e9rica, se ordena su traslado a la frontera sur de M\u00e9xico.<\/p>\n<p>\u201cDe forma inmediata, en cuanto tenemos conocimiento, la Secretar\u00eda de Relaciones Exteriores, por medio de sus consulados, hace contacto inmediato. Nosotros lo hemos hecho con nuestros pares en Centroam\u00e9rica y reciben un trato humano, por el que agradecemos de forma importante a los pa\u00edses que nos hacen favor de recibirlos.<\/p>\n<p>\u201cDe manera inmediata se ordena su traslado v\u00eda terrestre de Guatemala y Honduras, donde los recibimos en la frontera sur, y se les da su carta de repatriaci\u00f3n. Pasan inmediatamente todos los servicios de M\u00e9xico Te Abraza, que son coordinados por la Secretar\u00eda de Gobernaci\u00f3n\u201d, detall\u00f3 el funcionario.<\/p>\n<p>A\u00f1adi\u00f3 que los 20 connacionales que fueron llevados a Costa Rica \u201cse repatriaron v\u00eda a\u00e9rea directamente al Aeropuerto Internacional Felipe \u00c1ngeles, donde se les da el mismo tratamiento\u201d.<\/p>\n<p>El Comit\u00e9 del Patrimonio Mundial de la Unesco\u00a0exhort\u00f3 al gobierno de M\u00e9xico a organizar una misi\u00f3n internacional urgente\u00a0para evaluar\u00a0los da\u00f1os ambientales \u200b\u200bpor el muro fronterizo del presidente estadunidense, Donald Trump, en la Reserva de la Biosfera El Pinacate y Gran Desierto de Altar, en Sonora.<\/p>\n<p>El comit\u00e9 reiter\u00f3 que \u201cla presencia del muro tiene claros impactos negativos\u201d, por lo que\u00a0exigi\u00f3\u00a0una evaluaci\u00f3n internacional de da\u00f1os a ese\u00a0Patrimonio Mundial.<\/p>\n<p>#ClaudiaSheinbaum #Protesta #Por #Entrega #Migrantes #Hasta #Centroam\u00e9rica<\/p>\n","protected":false},"excerpt":{"rendered":"<p>\ud83d\udd38 Washington llev\u00f3 a m\u00e1s de 2 mil 900 migrantes a Guatemala, Honduras y Costa&#8230;<\/p>\n","protected":false},"author":1,"featured_media":45128,"comment_status":"open","ping_status":"closed","sticky":false,"template":"","format":"standard","meta":{"footnotes":""},"categories":[4],"tags":[],"class_list":["post-45126","post","type-post","status-publish","format-standard","has-post-thumbnail","hentry","category-nacional"],"_links":{"self":[{"href":"https:\/\/elmurodemexicali.com\/index.php?rest_route=\/wp\/v2\/posts\/45126","targetHints":{"allow":["GET"]}}],"collection":[{"href":"https:\/\/elmurodemexicali.com\/index.php?rest_route=\/wp\/v2\/posts"}],"about":[{"href":"https:\/\/elmurodemexicali.com\/index.php?rest_route=\/wp\/v2\/types\/post"}],"author":[{"embeddable":true,"href":"https:\/\/elmurodemexicali.com\/index.php?rest_route=\/wp\/v2\/users\/1"}],"replies":[{"embeddable":true,"href":"https:\/\/elmurodemexicali.com\/index.php?rest_route=%2Fwp%2Fv2%2Fcomments&post=45126"}],"version-history":[{"count":1,"href":"https:\/\/elmurodemexicali.com\/index.php?rest_route=\/wp\/v2\/posts\/45126\/revisions"}],"predecessor-version":[{"id":45127,"href":"https:\/\/elmurodemexicali.com\/index.php?rest_route=\/wp\/v2\/posts\/45126\/revisions\/45127"}],"wp:featuredmedia":[{"embeddable":true,"href":"https:\/\/elmurodemexicali.com\/index.php?rest_route=\/wp\/v2\/media\/45128"}],"wp:attachment":[{"href":"https:\/\/elmurodemexicali.com\/index.php?rest_route=%2Fwp%2Fv2%2Fmedia&parent=45126"}],"wp:term":[{"taxonomy":"category","embeddable":true,"href":"https:\/\/elmurodemexicali.com\/index.php?rest_route=%2Fwp%2Fv2%2Fcategories&post=45126"},{"taxonomy":"post_tag","embeddable":true,"href":"https:\/\/elmurodemexicali.com\/index.php?rest_route=%2Fwp%2Fv2%2Ftags&post=45126"}],"curies":[{"name":"wp","href":"https:\/\/api.w.org\/{rel}","templated":true}]}}