{"id":45099,"date":"2026-09-03T08:00:18","date_gmt":"2026-09-03T13:00:18","guid":{"rendered":"https:\/\/elmurodemexicali.com\/?p=45099"},"modified":"2026-09-03T17:54:15","modified_gmt":"2026-09-03T17:54:15","slug":"ciclon-marie-afectara-a-la-peninsula-de-baja-california","status":"publish","type":"post","link":"https:\/\/elmurodemexicali.com\/?p=45099","title":{"rendered":"Cicl\u00f3n Marie afectar\u00e1 a la pen\u00ednsula de Baja California"},"content":{"rendered":"<p>#NACIONAL\ud83c\uddf2\ud83c\uddfd || El Servicio Meteorol\u00f3gico Nacional informa que para hoy, jueves 3 de septiembre, el monz\u00f3n mexicano sobre el noroeste de M\u00e9xico e inestabilidad atmosf\u00e9rica, originar\u00e1n lluvias puntuales muy fuertes acompa\u00f1adas con descargas el\u00e9ctricas y rachas de viento en zonas de Sonora, Sinaloa, Chihuahua, Durango y Nayarit.<\/p>\n<p>La extensa circulaci\u00f3n del cicl\u00f3n tropical Marie en el oc\u00e9ano Pac\u00edfico, generar\u00e1 fuertes rachas de viento y oleaje elevado en costas de la pen\u00ednsula de Baja California, adem\u00e1s reforzar\u00e1 la probabilidad de lluvias puntuales intensas en Baja California Sur y lluvias escasas en Baja California.<\/p>\n<p>Canales de baja presi\u00f3n sobre el interior de la Rep\u00fablica Mexicana en interacci\u00f3n con circulaciones cicl\u00f3nicas y vaguadas en niveles altos de la atm\u00f3sfera, adem\u00e1s de la onda tropical n\u00famero 35 que se desplazar\u00e1 sobre el occidente de M\u00e9xico y de la onda tropical n\u00famero 36 sobre el sureste y sur del pa\u00eds, ocasionar\u00e1n lluvias puntuales muy fuertes en zonas de Zacatecas, Jalisco, Guerrero, Oaxaca y Chiapas; puntuales fuertes en zonas de Nuevo Le\u00f3n, Guanajuato, Quer\u00e9taro, Hidalgo, Puebla, Estado de M\u00e9xico, Veracruz, Tabasco, Campeche y Yucat\u00e1n; e intervalos de chubascos en Coahuila, Aguascalientes, San Luis Potos\u00ed, Tamaulipas, Ciudad de M\u00e9xico, Tlaxcala, Morelos Quintana Roo, con posible ca\u00edda de granizo en el occidente y centro del pa\u00eds.<\/p>\n<p>Una circulaci\u00f3n anticicl\u00f3nica en niveles medios de la atm\u00f3sfera mantendr\u00e1 el ambiente vespertino caluroso a muy caluroso en el norte de M\u00e9xico y en estados del litoral del Pac\u00edfico, golfo de M\u00e9xico y pen\u00ednsula de Yucat\u00e1n; prevaleciendo la onda de calor en Sinaloa (centro y sur), Coahuila (norte y sur), Nuevo Le\u00f3n (centro, sur y este) y Tamaulipas (oeste).<\/p>\n","protected":false},"excerpt":{"rendered":"<p>#NACIONAL\ud83c\uddf2\ud83c\uddfd || El Servicio Meteorol\u00f3gico Nacional informa que para hoy, jueves 3 de septiembre, el&#8230;<\/p>\n","protected":false},"author":1,"featured_media":45101,"comment_status":"open","ping_status":"closed","sticky":false,"template":"","format":"standard","meta":{"footnotes":""},"categories":[4],"tags":[],"class_list":["post-45099","post","type-post","status-publish","format-standard","has-post-thumbnail","hentry","category-nacional"],"_links":{"self":[{"href":"https:\/\/elmurodemexicali.com\/index.php?rest_route=\/wp\/v2\/posts\/45099","targetHints":{"allow":["GET"]}}],"collection":[{"href":"https:\/\/elmurodemexicali.com\/index.php?rest_route=\/wp\/v2\/posts"}],"about":[{"href":"https:\/\/elmurodemexicali.com\/index.php?rest_route=\/wp\/v2\/types\/post"}],"author":[{"embeddable":true,"href":"https:\/\/elmurodemexicali.com\/index.php?rest_route=\/wp\/v2\/users\/1"}],"replies":[{"embeddable":true,"href":"https:\/\/elmurodemexicali.com\/index.php?rest_route=%2Fwp%2Fv2%2Fcomments&post=45099"}],"version-history":[{"count":1,"href":"https:\/\/elmurodemexicali.com\/index.php?rest_route=\/wp\/v2\/posts\/45099\/revisions"}],"predecessor-version":[{"id":45100,"href":"https:\/\/elmurodemexicali.com\/index.php?rest_route=\/wp\/v2\/posts\/45099\/revisions\/45100"}],"wp:featuredmedia":[{"embeddable":true,"href":"https:\/\/elmurodemexicali.com\/index.php?rest_route=\/wp\/v2\/media\/45101"}],"wp:attachment":[{"href":"https:\/\/elmurodemexicali.com\/index.php?rest_route=%2Fwp%2Fv2%2Fmedia&parent=45099"}],"wp:term":[{"taxonomy":"category","embeddable":true,"href":"https:\/\/elmurodemexicali.com\/index.php?rest_route=%2Fwp%2Fv2%2Fcategories&post=45099"},{"taxonomy":"post_tag","embeddable":true,"href":"https:\/\/elmurodemexicali.com\/index.php?rest_route=%2Fwp%2Fv2%2Ftags&post=45099"}],"curies":[{"name":"wp","href":"https:\/\/api.w.org\/{rel}","templated":true}]}}