{"id":45084,"date":"2026-09-02T11:00:45","date_gmt":"2026-09-02T16:00:45","guid":{"rendered":"https:\/\/elmurodemexicali.com\/?p=45084"},"modified":"2026-09-02T17:07:21","modified_gmt":"2026-09-02T17:07:21","slug":"frustran-en-francia-plan-para-secuestrar-a-kylian-mbappe","status":"publish","type":"post","link":"https:\/\/elmurodemexicali.com\/?p=45084","title":{"rendered":"Frustran en Francia plan para secuestrar a Kylian Mbapp\u00e9"},"content":{"rendered":"<p>\ud83d\udd38Un joven de 18 a\u00f1os, que ya se encontraba encarcelado por otros delitos, fue imputado por presuntamente dirigir una red criminal que ten\u00eda entre sus objetivos al delantero del Real Madrid y a otras 25 personas<\/p>\n<p>#DEPORTES | Las autoridades francesas desbarataron un presunto plan criminal que ten\u00eda entre sus posibles objetivos al futbolista Kylian Mbapp\u00e9, delantero del Real Madrid y capit\u00e1n de la selecci\u00f3n de Francia.<\/p>\n<p>La investigaci\u00f3n permiti\u00f3 identificar a Cl\u00e9ment L., un joven franco-suizo de 18 a\u00f1os, conocido con el alias de \u201cLester Z\u201d, como presunto responsable de dirigir una red que planeaba cometer asaltos y secuestros contra 26 personas con alto poder adquisitivo.<\/p>\n<p>De acuerdo con los reportes, el sospechoso ya se encontraba privado de su libertad por otros delitos cuando las autoridades detectaron que presuntamente continuaba coordinando las actividades del grupo desde prisi\u00f3n mediante tel\u00e9fonos celulares y la aplicaci\u00f3n Snapchat.<\/p>\n<p>Durante las indagatorias, los investigadores localizaron informaci\u00f3n relacionada con los posibles objetivos de la organizaci\u00f3n, entre ellos futbolistas, empresarios, joyeros y artistas de rap.<\/p>\n<p>El nombre de Mbapp\u00e9 figuraba en la lista debido a su elevado perfil p\u00fablico y econ\u00f3mico. Las autoridades francesas lograron intervenir antes de que el supuesto plan contra el jugador del Real Madrid pudiera concretarse.<\/p>\n<p>El caso permanece bajo investigaci\u00f3n para determinar el alcance de la organizaci\u00f3n y la participaci\u00f3n de otras personas en los presuntos delitos.<\/p>\n","protected":false},"excerpt":{"rendered":"<p>\ud83d\udd38Un joven de 18 a\u00f1os, que ya se encontraba encarcelado por otros delitos, fue imputado&#8230;<\/p>\n","protected":false},"author":1,"featured_media":45086,"comment_status":"open","ping_status":"closed","sticky":false,"template":"","format":"standard","meta":{"footnotes":""},"categories":[8],"tags":[],"class_list":["post-45084","post","type-post","status-publish","format-standard","has-post-thumbnail","hentry","category-deportes"],"_links":{"self":[{"href":"https:\/\/elmurodemexicali.com\/index.php?rest_route=\/wp\/v2\/posts\/45084","targetHints":{"allow":["GET"]}}],"collection":[{"href":"https:\/\/elmurodemexicali.com\/index.php?rest_route=\/wp\/v2\/posts"}],"about":[{"href":"https:\/\/elmurodemexicali.com\/index.php?rest_route=\/wp\/v2\/types\/post"}],"author":[{"embeddable":true,"href":"https:\/\/elmurodemexicali.com\/index.php?rest_route=\/wp\/v2\/users\/1"}],"replies":[{"embeddable":true,"href":"https:\/\/elmurodemexicali.com\/index.php?rest_route=%2Fwp%2Fv2%2Fcomments&post=45084"}],"version-history":[{"count":1,"href":"https:\/\/elmurodemexicali.com\/index.php?rest_route=\/wp\/v2\/posts\/45084\/revisions"}],"predecessor-version":[{"id":45085,"href":"https:\/\/elmurodemexicali.com\/index.php?rest_route=\/wp\/v2\/posts\/45084\/revisions\/45085"}],"wp:featuredmedia":[{"embeddable":true,"href":"https:\/\/elmurodemexicali.com\/index.php?rest_route=\/wp\/v2\/media\/45086"}],"wp:attachment":[{"href":"https:\/\/elmurodemexicali.com\/index.php?rest_route=%2Fwp%2Fv2%2Fmedia&parent=45084"}],"wp:term":[{"taxonomy":"category","embeddable":true,"href":"https:\/\/elmurodemexicali.com\/index.php?rest_route=%2Fwp%2Fv2%2Fcategories&post=45084"},{"taxonomy":"post_tag","embeddable":true,"href":"https:\/\/elmurodemexicali.com\/index.php?rest_route=%2Fwp%2Fv2%2Ftags&post=45084"}],"curies":[{"name":"wp","href":"https:\/\/api.w.org\/{rel}","templated":true}]}}