{"id":45042,"date":"2026-09-01T09:00:35","date_gmt":"2026-09-01T14:00:35","guid":{"rendered":"https:\/\/elmurodemexicali.com\/?p=45042"},"modified":"2026-09-01T17:13:04","modified_gmt":"2026-09-01T17:13:04","slug":"segundo-informe-de-gobierno-claudia-sheinbaum","status":"publish","type":"post","link":"https:\/\/elmurodemexicali.com\/?p=45042","title":{"rendered":"Segundo Informe de Gobierno Claudia Sheinbaum"},"content":{"rendered":"<p>\ud83d\udd38 La Presidenta dar\u00e1 su segundo informe de actividades tras dos a\u00f1os al frente del gobierno de M\u00e9xico.<\/p>\n<p>#NACIONAL | La presidenta Claudia Sheinbaum dar\u00e1 a conocer los avances de actividades a casi dos a\u00f1os de que tom\u00f3 el cargo del Poder Ejecutivo y se convirti\u00f3 en la primera mujer en gobernar el pa\u00eds.<\/p>\n<p>Con motivo de este acto oficial, la Presidenta ofrecer\u00e1 un discurso a la naci\u00f3n, en el que destacar\u00e1 los logros y las acciones que se llevaron a cabo durante estos primeros\u00a0meses de su administraci\u00f3n.<\/p>\n<p>La mandataria enviar\u00e1 su balance de labores al Congreso de la Uni\u00f3n para que sea analizado por el Poder Legislativo.<\/p>\n<p>El segundo Informe de Gobierno de la titular del Ejecutivo se llevar\u00e1 a cabo este martes a las 11:00 horas en el Patio de Honor de Palacio Nacional, y habr\u00e1 cerca de 300 invitados e invitadas.<\/p>\n<p>Al recinto hist\u00f3rico asistir\u00e1 el gabinete legal y ampliado de la Presidenta, as\u00ed como gobernadores, legisladores, dirigentes de los partidos afines al movimiento de la cuarta transformaci\u00f3n, empresarios, representantes de pueblos originarios y de diversos sectores.<\/p>\n<p>#Segundo #Informe #Gobierno #ClaudiaSheinbaum<\/p>\n","protected":false},"excerpt":{"rendered":"<p>\ud83d\udd38 La Presidenta dar\u00e1 su segundo informe de actividades tras dos a\u00f1os al frente del&#8230;<\/p>\n","protected":false},"author":1,"featured_media":45044,"comment_status":"open","ping_status":"closed","sticky":false,"template":"","format":"standard","meta":{"footnotes":""},"categories":[4],"tags":[],"class_list":["post-45042","post","type-post","status-publish","format-standard","has-post-thumbnail","hentry","category-nacional"],"_links":{"self":[{"href":"https:\/\/elmurodemexicali.com\/index.php?rest_route=\/wp\/v2\/posts\/45042","targetHints":{"allow":["GET"]}}],"collection":[{"href":"https:\/\/elmurodemexicali.com\/index.php?rest_route=\/wp\/v2\/posts"}],"about":[{"href":"https:\/\/elmurodemexicali.com\/index.php?rest_route=\/wp\/v2\/types\/post"}],"author":[{"embeddable":true,"href":"https:\/\/elmurodemexicali.com\/index.php?rest_route=\/wp\/v2\/users\/1"}],"replies":[{"embeddable":true,"href":"https:\/\/elmurodemexicali.com\/index.php?rest_route=%2Fwp%2Fv2%2Fcomments&post=45042"}],"version-history":[{"count":1,"href":"https:\/\/elmurodemexicali.com\/index.php?rest_route=\/wp\/v2\/posts\/45042\/revisions"}],"predecessor-version":[{"id":45043,"href":"https:\/\/elmurodemexicali.com\/index.php?rest_route=\/wp\/v2\/posts\/45042\/revisions\/45043"}],"wp:featuredmedia":[{"embeddable":true,"href":"https:\/\/elmurodemexicali.com\/index.php?rest_route=\/wp\/v2\/media\/45044"}],"wp:attachment":[{"href":"https:\/\/elmurodemexicali.com\/index.php?rest_route=%2Fwp%2Fv2%2Fmedia&parent=45042"}],"wp:term":[{"taxonomy":"category","embeddable":true,"href":"https:\/\/elmurodemexicali.com\/index.php?rest_route=%2Fwp%2Fv2%2Fcategories&post=45042"},{"taxonomy":"post_tag","embeddable":true,"href":"https:\/\/elmurodemexicali.com\/index.php?rest_route=%2Fwp%2Fv2%2Ftags&post=45042"}],"curies":[{"name":"wp","href":"https:\/\/api.w.org\/{rel}","templated":true}]}}