{"id":41382,"date":"2026-05-02T09:00:08","date_gmt":"2026-05-02T14:00:08","guid":{"rendered":"https:\/\/elmurodemexicali.com\/?p=41382"},"modified":"2026-05-03T04:35:44","modified_gmt":"2026-05-03T04:35:44","slug":"raul-jimenez-habla-de-su-renovacion-con-fulham-y-deja-en-el-aire-su-regreso-al-america","status":"publish","type":"post","link":"https:\/\/elmurodemexicali.com\/?p=41382","title":{"rendered":"Ra\u00fal Jim\u00e9nez habla de su renovaci\u00f3n con Fulham y deja en el aire su regreso al Am\u00e9rica"},"content":{"rendered":"<p>\ud83d\udd38 El mexicano coment\u00f3 que la directiva tiene que tomar la iniciativa para analizar sus opciones despu\u00e9s del Mundial.<\/p>\n<p>#DEPORTES | En febrero de 2026 Ra\u00fal Jim\u00e9nez cumpli\u00f3 los 100 partidos con la camiseta del Fulham; desde su llegada en 2024, proveniente de los Wolves, el mexicano ha ido en ascenso y se ha consolidado como un delantero fiable.<\/p>\n<p>A pesar de que sus n\u00fameros son tan inflados -como el caso de Erlin Haaland en el Manchester City- Ra\u00fal se convirti\u00f3 en un delantero de culto que los propios futbolistas de la Premier League, como Bruno Fernandes, han reconocido.<\/p>\n<p>Por lo tanto, su renovaci\u00f3n es algo que deber\u00edan de pensar la directiva de los Cottagers, ya que el contrato del mexicano expira el 30 junio y el Am\u00e9rica est\u00e1 esperando el momento para repatriar al Lobo de Tep\u00e9jil.<\/p>\n<p>Despu\u00e9s del encuentro Arsenal contra Fulham, Jim\u00e9nez habl\u00f3 sobre la opci\u00f3n de renovar con los Cottagers y asegur\u00f3 que todo depender\u00e1 de lo que decida la directiva.<\/p>\n<p>\u00abNo s\u00e9 todav\u00eda\u2026 estamos por definirse todo, hay tiempo y a ver qu\u00e9 sucede en los siguientes partidos. Depende mucho de se decida el Fulham, que se negocie, que se haga una oferta y se analizar\u00e1 qu\u00e9 es lo mejor\u00bb, coment\u00f3 en entrevista con Fox.<\/p>\n<p>Desde enero ha comenzado a sonar la posibilidad de repatriar a Jim\u00e9nez al futbol mexicano. Seg\u00fan inform\u00f3 Rub\u00e9n Rodr\u00edguez, colaborador de La Afici\u00f3n, las \u00c1guilas har\u00e1n un esfuerzo para convencer a su canterano de regresar despu\u00e9s del Mundial.<\/p>\n<p>\u00abDe lograrlo, la directiva de las \u00c1guilas adem\u00e1s de sumar a un excelente jugador mexicano, sumar\u00e1n a un referente de selecci\u00f3n y el americanismo\u00bb, explic\u00f3 Rodr\u00edguez en su columna.<\/p>\n<p>De momento no se ha revelado si hay una propuesta formar para el regreso de Ra\u00fal Jim\u00e9nez.<\/p>\n<p>#Ra\u00falJim\u00e9nez #Habla #Renovaci\u00f3n #Con #Fulham #Deja #En #El #Aire #Regreso #Al #Am\u00e9rica<\/p>\n","protected":false},"excerpt":{"rendered":"<p>\ud83d\udd38 El mexicano coment\u00f3 que la directiva tiene que tomar la iniciativa para analizar sus&#8230;<\/p>\n","protected":false},"author":1,"featured_media":41384,"comment_status":"open","ping_status":"closed","sticky":false,"template":"","format":"standard","meta":{"footnotes":""},"categories":[8],"tags":[],"class_list":["post-41382","post","type-post","status-publish","format-standard","has-post-thumbnail","hentry","category-deportes"],"_links":{"self":[{"href":"https:\/\/elmurodemexicali.com\/index.php?rest_route=\/wp\/v2\/posts\/41382","targetHints":{"allow":["GET"]}}],"collection":[{"href":"https:\/\/elmurodemexicali.com\/index.php?rest_route=\/wp\/v2\/posts"}],"about":[{"href":"https:\/\/elmurodemexicali.com\/index.php?rest_route=\/wp\/v2\/types\/post"}],"author":[{"embeddable":true,"href":"https:\/\/elmurodemexicali.com\/index.php?rest_route=\/wp\/v2\/users\/1"}],"replies":[{"embeddable":true,"href":"https:\/\/elmurodemexicali.com\/index.php?rest_route=%2Fwp%2Fv2%2Fcomments&post=41382"}],"version-history":[{"count":1,"href":"https:\/\/elmurodemexicali.com\/index.php?rest_route=\/wp\/v2\/posts\/41382\/revisions"}],"predecessor-version":[{"id":41383,"href":"https:\/\/elmurodemexicali.com\/index.php?rest_route=\/wp\/v2\/posts\/41382\/revisions\/41383"}],"wp:featuredmedia":[{"embeddable":true,"href":"https:\/\/elmurodemexicali.com\/index.php?rest_route=\/wp\/v2\/media\/41384"}],"wp:attachment":[{"href":"https:\/\/elmurodemexicali.com\/index.php?rest_route=%2Fwp%2Fv2%2Fmedia&parent=41382"}],"wp:term":[{"taxonomy":"category","embeddable":true,"href":"https:\/\/elmurodemexicali.com\/index.php?rest_route=%2Fwp%2Fv2%2Fcategories&post=41382"},{"taxonomy":"post_tag","embeddable":true,"href":"https:\/\/elmurodemexicali.com\/index.php?rest_route=%2Fwp%2Fv2%2Ftags&post=41382"}],"curies":[{"name":"wp","href":"https:\/\/api.w.org\/{rel}","templated":true}]}}