{"id":41322,"date":"2026-05-01T08:00:57","date_gmt":"2026-05-01T13:00:57","guid":{"rendered":"https:\/\/elmurodemexicali.com\/?p=41322"},"modified":"2026-05-03T03:05:04","modified_gmt":"2026-05-03T03:05:04","slug":"ser-papa-el-motor-de-toro-resendiz-para-defender-su-campeonato-ante-jaime-munguia","status":"publish","type":"post","link":"https:\/\/elmurodemexicali.com\/?p=41322","title":{"rendered":"Ser pap\u00e1, el motor de &#8216;Toro&#8217; Res\u00e9ndiz para defender su campeonato ante Jaime Mungu\u00eda"},"content":{"rendered":"<p>\ud83d\udd38 Ambos mexicanos llegan a este combate en dos contextos distintos, aqu\u00ed te lo contamos.<\/p>\n<p>#DEPORTES | La pelea del pr\u00f3ximo 02 de mayo en la T-Mobile Arena de Las Vegas entre Armando Toro Res\u00e9ndiz y Jaime Mungu\u00eda en la que disputar\u00e1n el t\u00edtulo mundial supermediano de la AMB. En papel, un combate atractivo entre dos mexicanos en momentos distintos de su carrera. En el fondo, un choque de cargas internas que no caben en ninguna estad\u00edstica.<\/p>\n<p>Res\u00e9ndiz llega como campe\u00f3n, s\u00ed, pero sobre todo llega como alguien que apenas est\u00e1 entendiendo qui\u00e9n es fuera del ring.<\/p>\n<p>\u201cEs una buena oportunidad, lo veo como una gran oportunidad para sobresalir, pero tambi\u00e9n es un compromiso, un reto fuerte\u201d, dice sin grandilocuencia.<\/p>\n<p>No vende la pelea, la asume. Su r\u00e9cord lo respalda: m\u00e1s de veinte combates, una tendencia clara al nocaut, un estilo f\u00edsico que justifica el apodo de Toro. Pero su boxeo no es desbocado. Hay contenci\u00f3n. Hay disciplina. Como si cada golpe estuviera filtrado por algo m\u00e1s profundo que la pura adrenalina.<\/p>\n<p>Y ese \u201calgo\u201d hoy tiene nombre propio. Hace unos d\u00edas muri\u00f3 su t\u00eda Nelly. \u201cEsta pelea tambi\u00e9n est\u00e1 dedicada para una persona muy especial, que es mi t\u00eda Nelly, que en paz descanse, ella fue mi nana cuando yo era ni\u00f1o. Yo quiero dedicarle esta pelea y que se sienta bien orgullosa, \u00bfno? Hasta el cielo\u201d.<\/p>\n<p>No lo dice como consigna. Lo dice con ese tono de quien todav\u00eda no termina de acomodar la p\u00e9rdida. En el boxeo, ese tipo de duelos no se esconden. Se transforman.<\/p>\n<p>Res\u00e9ndiz atraviesa una etapa personal que, en otro contexto, podr\u00eda ser distracci\u00f3n. En \u00e9l parece motor. Acaba de ser padre.<\/p>\n<p>\u201cMe siento muy bendecido, muy motivado, mi ni\u00f1o, me siento feliz por ser pap\u00e1. No sab\u00eda lo bonito que era hasta ahora que me toca vivirlo\u201d.<\/p>\n<p>Y lo dice con una naturalidad que contrasta con el entorno. En un deporte donde el ruido vende, \u00e9l apuesta por el perfil bajo. \u201cA m\u00ed me gusta mantener un perfil bajo, no soy mucho de mostrarme, pero me gusta siempre ser respetuoso. No quisiera alg\u00fan d\u00eda ser un mal ejemplo, ahora veo muchas cosas diferente\u201d.<\/p>\n<p>No hay personaje. Hay una l\u00ednea clara: pelear bien, vivir mejor, y no perder el piso. Quiz\u00e1 por eso la frase que le dej\u00f3 su t\u00eda pesa tanto. \u201cEntre m\u00e1s va creciendo el \u00e9xito, tambi\u00e9n la responsabilidad con Dios es m\u00e1s grande, hay que dar mejor ejemplo\u201d. Eso no se entrena en el gimnasio. Eso se carga.<\/p>\n<p>Del otro lado est\u00e1 Jaime Mungu\u00eda. Y su historia es menos contemplativa y m\u00e1s urgente.<\/p>\n<p>Despu\u00e9s de su derrota en 2024, su carrera entr\u00f3 en ese territorio inc\u00f3modo donde ya no basta con haber sido promesa. Mungu\u00eda necesita recuperar narrativa. Volver a instalarse como figura de \u00e9lite en las 168 libras. Tiene herramientas: volumen de golpeo, experiencia en escenarios grandes, un r\u00e9cord s\u00f3lido que no se construy\u00f3 por casualidad. Pero tambi\u00e9n carga con la presi\u00f3n de no volver a fallar en el momento clave.<\/p>\n<p>Mientras Res\u00e9ndiz habla de plenitud, Mungu\u00eda pelea por reconstrucci\u00f3n. Y eso cambia todo. Hay un punto donde las estad\u00edsticas dejan de explicar una pelea. Este es uno de esos casos. Res\u00e9ndiz asegura que no siente presi\u00f3n.<\/p>\n<p>\u201cEstoy disfrutando todo esto, estoy peleando contra los mejores. Soy una persona que apenas va iniciando y creo que tengo mucho por ganar\u201d.<br \/>\nNo suena a frase de manual. Suena a alguien que realmente cree que no tiene nada que perder. Esa es una posici\u00f3n peligrosa para cualquiera que tenga enfrente.<\/p>\n<p>Porque mientras uno pelea desde la necesidad (y Mungu\u00eda la tiene) el otro lo hace desde la convicci\u00f3n.<\/p>\n<p>Y cuando esa diferencia se instala, el combate deja de ser t\u00e9cnico para volverse emocional. La T-Mobile Arena ver\u00e1 intercambios, potencia, momentos de tensi\u00f3n. Pero lo verdaderamente determinante no estar\u00e1 en la cantidad de golpes conectados.<\/p>\n<p>\u201cQuisiera dedicarle todas mis peleas a mi familia, que se sientan orgullosos. Esta tambi\u00e9n est\u00e1 dedicada para mi beb\u00e9, que vea que se puede luchar por los sue\u00f1os\u201d, mencion\u00f3 Res\u00e9ndiz<\/p>\n<p>Mungu\u00eda sube con la obligaci\u00f3n de no ceder otro cap\u00edtulo. Uno quiere honrar. El otro necesita recuperar. Y en el boxeo, cuando esas dos fuerzas se encuentran, el resultado rara vez es ordinario. Porque hay peleas que se ganan en las tarjetas. Y hay otras que se pelean desde un lugar mucho m\u00e1s inc\u00f3modo: ese donde el golpe no es lo que m\u00e1s pesa.<\/p>\n<p>#Box #ArmandoToroRes\u00e9ndiz #JaimeMungu\u00eda #LasVegas #T\u00edtulo #Mundial #Supermediano #AMB<\/p>\n","protected":false},"excerpt":{"rendered":"<p>\ud83d\udd38 Ambos mexicanos llegan a este combate en dos contextos distintos, aqu\u00ed te lo contamos&#8230;.<\/p>\n","protected":false},"author":1,"featured_media":41324,"comment_status":"open","ping_status":"closed","sticky":false,"template":"","format":"standard","meta":{"footnotes":""},"categories":[8],"tags":[],"class_list":["post-41322","post","type-post","status-publish","format-standard","has-post-thumbnail","hentry","category-deportes"],"_links":{"self":[{"href":"https:\/\/elmurodemexicali.com\/index.php?rest_route=\/wp\/v2\/posts\/41322","targetHints":{"allow":["GET"]}}],"collection":[{"href":"https:\/\/elmurodemexicali.com\/index.php?rest_route=\/wp\/v2\/posts"}],"about":[{"href":"https:\/\/elmurodemexicali.com\/index.php?rest_route=\/wp\/v2\/types\/post"}],"author":[{"embeddable":true,"href":"https:\/\/elmurodemexicali.com\/index.php?rest_route=\/wp\/v2\/users\/1"}],"replies":[{"embeddable":true,"href":"https:\/\/elmurodemexicali.com\/index.php?rest_route=%2Fwp%2Fv2%2Fcomments&post=41322"}],"version-history":[{"count":1,"href":"https:\/\/elmurodemexicali.com\/index.php?rest_route=\/wp\/v2\/posts\/41322\/revisions"}],"predecessor-version":[{"id":41323,"href":"https:\/\/elmurodemexicali.com\/index.php?rest_route=\/wp\/v2\/posts\/41322\/revisions\/41323"}],"wp:featuredmedia":[{"embeddable":true,"href":"https:\/\/elmurodemexicali.com\/index.php?rest_route=\/wp\/v2\/media\/41324"}],"wp:attachment":[{"href":"https:\/\/elmurodemexicali.com\/index.php?rest_route=%2Fwp%2Fv2%2Fmedia&parent=41322"}],"wp:term":[{"taxonomy":"category","embeddable":true,"href":"https:\/\/elmurodemexicali.com\/index.php?rest_route=%2Fwp%2Fv2%2Fcategories&post=41322"},{"taxonomy":"post_tag","embeddable":true,"href":"https:\/\/elmurodemexicali.com\/index.php?rest_route=%2Fwp%2Fv2%2Ftags&post=41322"}],"curies":[{"name":"wp","href":"https:\/\/api.w.org\/{rel}","templated":true}]}}